{"id":7489,"date":"2012-03-14T19:16:04","date_gmt":"2012-03-14T23:16:04","guid":{"rendered":"http:\/\/34.230.97.218\/?p=7489"},"modified":"2012-03-15T09:15:48","modified_gmt":"2012-03-15T13:15:48","slug":"encheres-du-spectre-700-mhz-en-2013-ottawa-annonce-ses-couleurs-et-permet-la-propriete-etrangere","status":"publish","type":"post","link":"https:\/\/maximejohnson.com\/techno\/2012\/03\/encheres-du-spectre-700-mhz-en-2013-ottawa-annonce-ses-couleurs-et-permet-la-propriete-etrangere\/","title":{"rendered":"Ench\u00e8res du spectre 700 MHz en 2013: Ottawa annonce ses couleurs et permet la propri\u00e9t\u00e9 \u00e9trang\u00e8re"},"content":{"rendered":"<p><img decoding=\"async\" loading=\"lazy\" src=\"http:\/\/www.maximejohnson.com\/wp-content\/uploads\/2012\/03\/700-mhz-canada.jpg\" alt=\"\" title=\"700 mhz canada\" width=\"560\" height=\"544\" class=\"aligncenter size-full wp-image-7492\" srcset=\"https:\/\/maximejohnson.com\/wp-content\/uploads\/2012\/03\/700-mhz-canada.jpg 560w, https:\/\/maximejohnson.com\/wp-content\/uploads\/2012\/03\/700-mhz-canada-300x291.jpg 300w\" sizes=\"(max-width: 560px) 100vw, 560px\" \/><\/p>\n<p>Industries Canada <a href=\"http:\/\/www.ic.gc.ca\/eic\/site\/ic1.nsf\/fra\/07089.html\">a annonc\u00e9 un peu plus t\u00f4t aujourd\u2019hui<\/a> les plans du gouvernement concernant l\u2019ench\u00e8re du spectre de 700 MHz, attendue par les op\u00e9rateurs de r\u00e9seaux de t\u00e9l\u00e9phonie cellulaire comme Bell, Rogers, Telus et Vid\u00e9otron pour d\u00e9ployer \u00e0 grande \u00e9chelle leurs r\u00e9seaux de nouvelle g\u00e9n\u00e9ration. Cette vente, qui devrait finalement avoir lieu au printemps 2013, pourrait changer le paysage de la mobilit\u00e9 au cours des prochaines ann\u00e9es. <\/p>\n<p>Les petits op\u00e9rateurs pourront encore une fois profiter de l\u2019ench\u00e8re annonc\u00e9e par Industries Canada. Ottawa compte notamment permettre aux petits op\u00e9rateurs de profiter d\u2019investissements \u00e9trangers majeurs, et le quart des blocs de spectre de 700 MHz qui sera mis aux ench\u00e8res l\u2019ann\u00e9e prochaine leur sera dans les faits r\u00e9serv\u00e9. <\/p>\n<p>Une autre mesure annonc\u00e9e aujourd\u2019hui devrait pour sa part encourager le d\u00e9ploiement des r\u00e9seaux LTE de nouvelle g\u00e9n\u00e9ration dans les r\u00e9gions rurales : les op\u00e9rateurs qui ach\u00e8teront ou qui profiteront de plus d\u2019un bloc de spectre 700 MHz devront en effet fournir une connexion \u00e0 90% de leur r\u00e9seau actuel dans les cinq prochaines ann\u00e9es, et \u00e0 97% de leur r\u00e9seau actuel dans les 7 prochaines ann\u00e9es. <\/p>\n<p><strong>Qu\u2019est-ce que le spectre 700 MHz?<\/strong><br \/>\nLe spectre 700 MHz est une fr\u00e9quence utilis\u00e9e par la technologie LTE qui offre plusieurs avantages, autant dans les r\u00e9gions rurales que dans les villes. <\/p>\n<p>Compar\u00e9 au spectre 1700\/2100 MHz utilis\u00e9 pr\u00e9sentement par les op\u00e9rateurs canadiens pour leur r\u00e9seau LTE, le spectre de 700 MHz offre notamment une meilleure p\u00e9n\u00e9tration dans les immeubles des grandes villes, et une meilleure couverture en r\u00e9gion rurale. <\/p>\n<p>Ce spectre devrait \u00eatre mis aux ench\u00e8res au d\u00e9but 2013, ce qui pourrait permettre \u00e0 Ottawa d\u2019amasser plus de 3,5 milliards $, selon certains analystes, mais il y a fort \u00e0 parier que ces estimations seront revues au cours des prochaines semaines \u00e0 cause des nouvelles r\u00e8gles annonc\u00e9es aujourd\u2019hui. <\/p>\n<p>La derni\u00e8re ench\u00e8re d\u2019Industrie Canada en 2008 avait rapport\u00e9 4,25 milliards $ \u00e0 Ottawa, et elle avait notamment permis \u00e0 Vid\u00e9otron de lancer son propre r\u00e9seau 3G au Qu\u00e9bec. <\/p>\n<p>En plus du spectre 700 MHz, Ottawa pr\u00e9voit \u00e9galement mettre aux ench\u00e8res le spectre de la bande 2500 MHz en 2014. <\/p>\n<p><strong>Ouverture aux investissements \u00e9trangers<\/strong><br \/>\nLa plus grande nouvelle du jour est \u00e9videmment l\u2019ouverture d\u2019Ottawa aux investissements \u00e9trangers. <\/p>\n<p>Industrie Canada modifiera la Loi sur les t\u00e9l\u00e9communications pour permettre aux op\u00e9rateurs d\u00e9tenant une part de march\u00e9 de moins de 10% de profiter d\u2019investissements \u00e9trangers, selon ce qu\u2019a annonc\u00e9 aujourd\u2019hui Christian Paradis. Aucune limite n\u2019a \u00e9t\u00e9 d\u00e9termin\u00e9e pour ces investissements, un op\u00e9rateur pourrait donc appartenir \u00e0 100% \u00e0 des int\u00e9r\u00eats \u00e9trangers. <\/p>\n<p>Une telle entreprise pourra ensuite d\u00e9passer les 10% de parts de march\u00e9, \u00e0 condition que cette croissance n\u2019ait pas \u00e9t\u00e9 r\u00e9alis\u00e9e au moyen d\u2019une fusion ou d\u2019une acquisition. <\/p>\n<p>Pour l\u2019instant, les lois canadiennes limitent les investissements \u00e9trangers directs et indirects \u00e0 46,7% des entreprises de t\u00e9l\u00e9communications.<\/p>\n<p>Un g\u00e9ant international comme Vodafone pourrait donc acheter un petit op\u00e9rateur canadien et lancer son propre r\u00e9seau ici-m\u00eame d\u00e8s l\u2019ann\u00e9e prochaine.<\/p>\n<p><strong>D\u2019autres mesures pour les petits op\u00e9rateurs<\/strong><br \/>\nParmi les mesures mises en place pour favoriser la concurrence, Ottawa a notamment revu ses politiques sur l\u2019itin\u00e9rance et le partage des pyl\u00f4nes d\u2019antennes,  ce qui devrait aussi contribuer \u00e0 faciliter le d\u00e9ploiement des r\u00e9seaux des petits op\u00e9rateurs. <\/p>\n<p>Le gouvernement compte toutefois surtout mettre en place des plafonds lors des prochaines ench\u00e8res du spectre, qui devraient dans les faits r\u00e9server 25% du spectre de premier ordre aux petits fournisseurs (ceux qui poss\u00e8dent moins de 10% des parts de march\u00e9). <\/p>\n<p>Cette mesure n\u2019est pas identique \u00e0 la mise de c\u00f4t\u00e9 propos\u00e9e en 2008, qui avait notamment permis l\u2019arriv\u00e9e de Vid\u00e9otron, Wind et Mobilicity, mais le r\u00e9sultat devrait \u00eatre sensiblement le m\u00eame selon Ottawa. <\/p>\n<p>Ceci dit, tout le monde ne semble pas \u00eatre d&rsquo;accord avec cette derni\u00e8re affirmation.<a href=\"http:\/\/www.reuters.com\/article\/2012\/03\/14\/canada-windmobile-idUST5E8DL01220120314\"> Lors d&rsquo;une entrevue livr\u00e9e \u00e0 chaud \u00e0 Reuters<\/a>, le PDG de Wind Mobile Anthony Lacavera a notamment laiss\u00e9 entendre que sa compagnie pourrait bien boycotter les prochaines ench\u00e8res, puisque le spectre r\u00e9serv\u00e9 aux petits joueurs ne serait pas assez grand pour lui permettre de b\u00e2tir un r\u00e9seau LTE capable de comp\u00e9titionner avec ceux de Bell, Rogers et Telus. <\/p>\n<p><strong>Une d\u00e9cision qui pourrait bousculer le march\u00e9<\/strong><br \/>\nLa derni\u00e8re ench\u00e8re du spectre a beaucoup am\u00e9lior\u00e9 la situation de la t\u00e9l\u00e9phonie mobile au Canada, et les petits joueurs ont d\u00e9j\u00e0 fait sentir leur pr\u00e9sence sur le march\u00e9, avec l\u2019arriv\u00e9e par exemple de nouveaux forfaits offrant des interurbains illimit\u00e9s. <\/p>\n<p>Au minimum, l\u2019annonce d\u2019aujourd\u2019hui devrait permettre \u00e0 ces petits op\u00e9rateurs de poursuivre leur croissance &#8211; \u00e0 moins que tout le monde n&rsquo;adopte la position de Wind Mobile, ce qui serait \u00e9tonannt &#8211; et de continuer \u00e0 faire bouger les trois gros  joueurs que sont Bell, Rogers et Telus. <\/p>\n<p>Il reste maintenant \u00e0 voir quel sera l\u2019int\u00e9r\u00eat des grands op\u00e9rateurs \u00e9trangers pour le Canada, et quel impact leur arriv\u00e9e \u00e9ventuelle au pays pourra avoir sur le march\u00e9, mais tout semble indiquer que les nouvelles r\u00e8gles favoriseront la concurrence au cours des prochaines ann\u00e9es.  <\/p>\n","protected":false},"excerpt":{"rendered":"<p>Industries Canada a annonc\u00e9 un peu plus t\u00f4t aujourd\u2019hui les plans du gouvernement concernant l\u2019ench\u00e8re du spectre de 700 MHz, attendue par les op\u00e9rateurs de r\u00e9seaux de t\u00e9l\u00e9phonie cellulaire comme Bell, Rogers, Telus et Vid\u00e9otron pour d\u00e9ployer \u00e0 grande \u00e9chelle leurs r\u00e9seaux de nouvelle g\u00e9n\u00e9ration. Cette vente, qui devrait finalement avoir lieu au printemps 2013, pourrait changer le paysage de la mobilit\u00e9 au cours des prochaines ann\u00e9es. <\/p>\n","protected":false},"author":2,"featured_media":0,"comment_status":"open","ping_status":"open","sticky":false,"template":"","format":"standard","meta":{"jetpack_post_was_ever_published":false},"categories":[30],"tags":[1056],"jetpack_featured_media_url":"","jetpack_shortlink":"https:\/\/wp.me\/p37EYA-1WN","jetpack_sharing_enabled":true,"_links":{"self":[{"href":"https:\/\/maximejohnson.com\/techno\/wp-json\/wp\/v2\/posts\/7489"}],"collection":[{"href":"https:\/\/maximejohnson.com\/techno\/wp-json\/wp\/v2\/posts"}],"about":[{"href":"https:\/\/maximejohnson.com\/techno\/wp-json\/wp\/v2\/types\/post"}],"author":[{"embeddable":true,"href":"https:\/\/maximejohnson.com\/techno\/wp-json\/wp\/v2\/users\/2"}],"replies":[{"embeddable":true,"href":"https:\/\/maximejohnson.com\/techno\/wp-json\/wp\/v2\/comments?post=7489"}],"version-history":[{"count":7,"href":"https:\/\/maximejohnson.com\/techno\/wp-json\/wp\/v2\/posts\/7489\/revisions"}],"predecessor-version":[{"id":7501,"href":"https:\/\/maximejohnson.com\/techno\/wp-json\/wp\/v2\/posts\/7489\/revisions\/7501"}],"wp:attachment":[{"href":"https:\/\/maximejohnson.com\/techno\/wp-json\/wp\/v2\/media?parent=7489"}],"wp:term":[{"taxonomy":"category","embeddable":true,"href":"https:\/\/maximejohnson.com\/techno\/wp-json\/wp\/v2\/categories?post=7489"},{"taxonomy":"post_tag","embeddable":true,"href":"https:\/\/maximejohnson.com\/techno\/wp-json\/wp\/v2\/tags?post=7489"}],"curies":[{"name":"wp","href":"https:\/\/api.w.org\/{rel}","templated":true}]}}