{"id":4468,"date":"2011-03-07T14:16:37","date_gmt":"2011-03-07T19:16:37","guid":{"rendered":"http:\/\/34.230.97.218\/?p=4468"},"modified":"2011-03-08T10:56:01","modified_gmt":"2011-03-08T15:56:01","slug":"technos-du-futur-samsung-presente-un-ecran-acl-transparent-de-46-pouces-100-sans-fil","status":"publish","type":"post","link":"https:\/\/maximejohnson.com\/techno\/2011\/03\/technos-du-futur-samsung-presente-un-ecran-acl-transparent-de-46-pouces-100-sans-fil\/","title":{"rendered":"Technos du futur: Samsung pr\u00e9sente un \u00e9cran ACL transparent de 46 pouces 100% sans fil"},"content":{"rendered":"<p><img decoding=\"async\" loading=\"lazy\" src=\"http:\/\/www.maximejohnson.com\/wp-content\/uploads\/2011\/03\/ecran-transparent.jpg\" alt=\"\" title=\"\u00e9cran transparent\" width=\"560\" height=\"373\" class=\"aligncenter size-full wp-image-4469\" \/><\/p>\n<p>Samsung a pr\u00e9sent\u00e9 tout un prototype la semaine derni\u00e8re au congr\u00e8s CeBIT 2011 en Allemagne, un grand \u00e9cran tactile ACL transparent de 46 pouces d\u2019une r\u00e9solution 1080p, aliment\u00e9 uniquement par la lumi\u00e8re ambiante. Ajoutez-y un transmetteur sans fil, et vous obtenez donc un \u00e9cran fonctionnant sans le moindre fil.<\/p>\n<p>Mis \u00e0 part sa r\u00e9solution et le fait que sa couche tactile permette de reconnaitre jusqu\u2019\u00e0 10 pointes de contact, on ignore pas mal toutes les autres caract\u00e9ristiques de l\u2019appareil, comme la qualit\u00e9 de ses couleurs ou son degr\u00e9 de luminosit\u00e9. <\/p>\n<p>On ignore \u00e9galement quels sont les plans de Samsung pour cet \u00e9cran, mais pour ma part, j\u2019imaginerais bien des applications de r\u00e9alit\u00e9 augment\u00e9e int\u00e9gr\u00e9es \u00e0 m\u00eame une fen\u00eatre!<\/p>\n<p>Samsung pr\u00e9parerait d\u00e9j\u00e0 un second mod\u00e8le de 65 pouces utilisant la m\u00eame technologie.  Gageons que nous en avons encore pour quelques ann\u00e9es de prototypes avant de voir ces \u00e9crans utilis\u00e9s d\u2019une fa\u00e7on commerciale par le g\u00e9ant sud-cor\u00e9en. <\/p>\n<p>(Source: <a href=\"http:\/\/www.itproportal.com\/2011\/03\/03\/samsung-showcases-solar-powered-transparent-touchscreen-46-inch-lcd\/?slide=5#slideshow\">ITPro Portal<\/a>)<\/p>\n","protected":false},"excerpt":{"rendered":"<p>Samsung a pr\u00e9sent\u00e9 tout un prototype la semaine derni\u00e8re au congr\u00e8s CeBIT 2011 en Allemagne, un grand \u00e9cran tactile ACL transparent de 46 pouces d\u2019une r\u00e9solution 1080p, aliment\u00e9 uniquement par la lumi\u00e8re ambiante. Ajoutez-y un transmetteur sans fil, et vous obtenez donc un \u00e9cran fonctionnant sans le moindre fil.<\/p>\n","protected":false},"author":2,"featured_media":0,"comment_status":"open","ping_status":"open","sticky":false,"template":"","format":"standard","meta":{"jetpack_post_was_ever_published":false},"categories":[60,68],"tags":[131],"jetpack_featured_media_url":"","jetpack_shortlink":"https:\/\/wp.me\/p37EYA-1a4","jetpack_sharing_enabled":true,"_links":{"self":[{"href":"https:\/\/maximejohnson.com\/techno\/wp-json\/wp\/v2\/posts\/4468"}],"collection":[{"href":"https:\/\/maximejohnson.com\/techno\/wp-json\/wp\/v2\/posts"}],"about":[{"href":"https:\/\/maximejohnson.com\/techno\/wp-json\/wp\/v2\/types\/post"}],"author":[{"embeddable":true,"href":"https:\/\/maximejohnson.com\/techno\/wp-json\/wp\/v2\/users\/2"}],"replies":[{"embeddable":true,"href":"https:\/\/maximejohnson.com\/techno\/wp-json\/wp\/v2\/comments?post=4468"}],"version-history":[{"count":3,"href":"https:\/\/maximejohnson.com\/techno\/wp-json\/wp\/v2\/posts\/4468\/revisions"}],"predecessor-version":[{"id":4477,"href":"https:\/\/maximejohnson.com\/techno\/wp-json\/wp\/v2\/posts\/4468\/revisions\/4477"}],"wp:attachment":[{"href":"https:\/\/maximejohnson.com\/techno\/wp-json\/wp\/v2\/media?parent=4468"}],"wp:term":[{"taxonomy":"category","embeddable":true,"href":"https:\/\/maximejohnson.com\/techno\/wp-json\/wp\/v2\/categories?post=4468"},{"taxonomy":"post_tag","embeddable":true,"href":"https:\/\/maximejohnson.com\/techno\/wp-json\/wp\/v2\/tags?post=4468"}],"curies":[{"name":"wp","href":"https:\/\/api.w.org\/{rel}","templated":true}]}}