{"id":4420,"date":"2011-03-02T15:12:28","date_gmt":"2011-03-02T20:12:28","guid":{"rendered":"http:\/\/34.230.97.218\/?p=4420"},"modified":"2011-03-03T10:06:12","modified_gmt":"2011-03-03T15:06:12","slug":"la-question-a-500-qu%e2%80%99elle-est-la-duree-de-vie-d%e2%80%99un-ipad","status":"publish","type":"post","link":"https:\/\/maximejohnson.com\/techno\/2011\/03\/la-question-a-500-qu%e2%80%99elle-est-la-duree-de-vie-d%e2%80%99un-ipad\/","title":{"rendered":"La question \u00e0 500$: quelle est la dur\u00e9e de vie d\u2019un iPad?"},"content":{"rendered":"<p><img decoding=\"async\" loading=\"lazy\" src=\"http:\/\/www.maximejohnson.com\/wp-content\/uploads\/2011\/03\/ipad-2.jpg\" alt=\"\" title=\"ipad-2\" width=\"560\" height=\"322\" class=\"aligncenter size-full wp-image-4421\" srcset=\"https:\/\/maximejohnson.com\/wp-content\/uploads\/2011\/03\/ipad-2.jpg 560w, https:\/\/maximejohnson.com\/wp-content\/uploads\/2011\/03\/ipad-2-300x172.jpg 300w\" sizes=\"(max-width: 560px) 100vw, 560px\" \/><\/p>\n<p>Avec l\u2019annonce aujourd\u2019hui de la nouvelle tablette \u00e9lectronique iPad 2 d\u2019Apple, \u00e9quip\u00e9e d\u2019un processeur deux fois plus puissant et offrant des performances graphiques 9 fois sup\u00e9rieures \u00e0 celles de la derni\u00e8re g\u00e9n\u00e9ration, on est en droit de se demander: quelle est la dur\u00e9e de vie d\u2019une tablette \u00e9lectronique, et apr\u00e8s combien de temps devra-t-on (ou pourra-t-on!) la changer?<\/p>\n<p>Malheureusement, la dur\u00e9e de vie d\u2019un iPad (ou d\u2019une tablette Android, d\u2019ailleurs) est difficile \u00e0 estimer, puisque le genre est encore tout r\u00e9cent. <\/p>\n<p>Les t\u00e9l\u00e9phones intelligents sont probablement le produit qui ressemble le plus aux tablettes. Il est difficile d\u2019avoir une estimation pr\u00e9cise de la dur\u00e9e de vie de ces derniers (qui sont \u00e9galement r\u00e9cents), mais on peut imaginer qu\u2019elle ressemble, grosso modo, \u00e0 la dur\u00e9e des contrats exig\u00e9s par les op\u00e9rateurs \u00e0 l\u2019achat des appareils (2 ans aux \u00c9tats-Unis,  3 ans au Canada). <\/p>\n<p>Contrairement \u00e0 un t\u00e9l\u00e9phone intelligent offert avec une entente, un iPad co\u00fbte par contre beaucoup plus cher. Ceci dit, je ne pense pas pour autant que ceci lui garantisse une dur\u00e9e de vie plus grande que celle d\u2019un t\u00e9l\u00e9phone. Au contraire.<\/p>\n<p>Les applications tierces sont importantes avec les t\u00e9l\u00e9phones intelligents, mais force est d\u2019admettre qu\u2019\u00e0 la longue, l\u2019agenda, les courriels, le Web, la musique et les autres fonctions de base sont probablement les fonctions les plus importantes, ce qui n\u2019est pas forc\u00e9ment le cas avec un iPad, dont l\u2019exp\u00e9rience repose en grande partie sur la d\u00e9couverte et l\u2019utilisation d\u2019applications tierces. <\/p>\n<p>Si les applications \u00abpour iPad 2 seulement\u00bb se mettent \u00e0 pleuvoir, il faudra s\u2019attendre \u00e0 ce que de nombreux utilisateurs tenteront de refiler leur \u00abvieil\u00bb iPad pour s\u2019\u00e9quiper d\u2019un nouveau, ce qui pourrait porter, dans bien des cas, la dur\u00e9e de vie de l\u2019appareil \u00e0 un an \u00e0 peine.  <\/p>\n<p>On peut toutefois s\u2019imaginer que les d\u00e9veloppeurs voudront pouvoir b\u00e9n\u00e9ficier des millions de propri\u00e9taires d\u2019iPad de premi\u00e8re g\u00e9n\u00e9ration \u00e9galement, et qu\u2019ils seront plut\u00f4t conciliants sur les caract\u00e9ristiques minimales pour faire rouler leurs applications, surtout dans les premiers mois suivant la sortie de l\u2019iPad 2. C\u2019est du moins ce qu\u2019on esp\u00e8re. <\/p>\n<p>\u00c9videmment, chaque utilisateur est diff\u00e9rent, et ceux qui utilisent leur iPad seulement pour le Web et pour regarder des films pourront conserver leur appareil de premi\u00e8re g\u00e9n\u00e9ration encore longtemps. Mais quelque chose me dit que ces utilisateurs sont plus en minorit\u00e9 qu\u2019en majorit\u00e9.  <\/p>\n<p><strong>Un appareil de deux g\u00e9n\u00e9rations?<\/strong><br \/>\n<img decoding=\"async\" loading=\"lazy\" src=\"http:\/\/www.maximejohnson.com\/techno22\/wp-content\/uploads\/2011\/03\/ipad-vieux.jpg\" alt=\"\" title=\"OLYMPUS DIGITAL CAMERA\" width=\"560\" height=\"420\" class=\"aligncenter size-full wp-image-4423\" srcset=\"https:\/\/maximejohnson.com\/wp-content\/uploads\/2011\/03\/ipad-vieux.jpg 560w, https:\/\/maximejohnson.com\/wp-content\/uploads\/2011\/03\/ipad-vieux-300x225.jpg 300w\" sizes=\"(max-width: 560px) 100vw, 560px\" \/><\/p>\n<p>Mon impression est qu\u2019Apple tentera de faire de l\u2019iPad un appareil que l\u2019on change aux deux g\u00e9n\u00e9rations (aux deux ans). <\/p>\n<p>Le processeur du nouvel iPad est vraiment plus performant, c&rsquo;est vrai. Mais comme je disais plus haut, on peut esp\u00e9rer que l&rsquo;iPad 2 n&rsquo;aura pas trop d&rsquo;impact sur l&rsquo;App Store, du moins pas tout de suite. <\/p>\n<p>Exception faite de son nouveau processeur, l\u2019iPad 2 annonc\u00e9 aujourd\u2019hui offre quand m\u00eame peu de nouveaut\u00e9s. Il s\u2019agit d\u2019un meilleur produit que l\u2019iPad 1, \u00e7a ne fait aucun doute, mais le nouveau design et les cam\u00e9ras ne devraient pas, selon moi, rendre trop jaloux les propri\u00e9taires de la premi\u00e8re tablette, surtout ceux qui ne jouent pas \u00e0 des jeux vid\u00e9o. <\/p>\n<p>L\u2019importance du processeur sup\u00e9rieur pourrait toutefois se faire sentir dans quelques mois, lorsque de plus en plus d\u2019applications lourdes se retrouveront sur l\u2019App Store, soit un peu avant le lancement de l\u2019iPad 3.<\/p>\n<p>Un iPad de troisi\u00e8me g\u00e9n\u00e9ration qui pourrait, cette fois-ci, offrir d\u2019autres caract\u00e9ristiques s\u00e9duisantes, comme un nouvel \u00e9cran offrant une meilleure r\u00e9solution, ce qui pourrait convaincre les propri\u00e9taires d\u2019iPad 1 de finalement changer leur appareil. <\/p>\n<p>Quelle est la dur\u00e9e de vie d\u2019un iPad? <\/p>\n<p>Dans un monde id\u00e9al, tout le monde conserverait sa tablette et serait heureux avec pendant encore nombreuses ann\u00e9es. <\/p>\n<p>Mais plus r\u00e9alistement, je pr\u00e9vois 2 ans. <\/p>\n","protected":false},"excerpt":{"rendered":"<p>Avec l\u2019annonce aujourd\u2019hui de la nouvelle tablette \u00e9lectronique iPad 2 d\u2019Apple, \u00e9quip\u00e9e d\u2019un processeur deux fois plus puissant et offrant des performances graphiques 9 fois sup\u00e9rieures \u00e0 celles de la derni\u00e8re g\u00e9n\u00e9ration, on est en droit de se demander: quelle est la dur\u00e9e de vie d\u2019une tablette \u00e9lectronique, et apr\u00e8s combien de temps devra-t-on (ou pourra-t-on!) la changer?<\/p>\n","protected":false},"author":2,"featured_media":0,"comment_status":"open","ping_status":"open","sticky":false,"template":"","format":"standard","meta":{"jetpack_post_was_ever_published":false},"categories":[478],"tags":[],"jetpack_featured_media_url":"","jetpack_shortlink":"https:\/\/wp.me\/p37EYA-19i","jetpack_sharing_enabled":true,"_links":{"self":[{"href":"https:\/\/maximejohnson.com\/techno\/wp-json\/wp\/v2\/posts\/4420"}],"collection":[{"href":"https:\/\/maximejohnson.com\/techno\/wp-json\/wp\/v2\/posts"}],"about":[{"href":"https:\/\/maximejohnson.com\/techno\/wp-json\/wp\/v2\/types\/post"}],"author":[{"embeddable":true,"href":"https:\/\/maximejohnson.com\/techno\/wp-json\/wp\/v2\/users\/2"}],"replies":[{"embeddable":true,"href":"https:\/\/maximejohnson.com\/techno\/wp-json\/wp\/v2\/comments?post=4420"}],"version-history":[{"count":8,"href":"https:\/\/maximejohnson.com\/techno\/wp-json\/wp\/v2\/posts\/4420\/revisions"}],"predecessor-version":[{"id":4442,"href":"https:\/\/maximejohnson.com\/techno\/wp-json\/wp\/v2\/posts\/4420\/revisions\/4442"}],"wp:attachment":[{"href":"https:\/\/maximejohnson.com\/techno\/wp-json\/wp\/v2\/media?parent=4420"}],"wp:term":[{"taxonomy":"category","embeddable":true,"href":"https:\/\/maximejohnson.com\/techno\/wp-json\/wp\/v2\/categories?post=4420"},{"taxonomy":"post_tag","embeddable":true,"href":"https:\/\/maximejohnson.com\/techno\/wp-json\/wp\/v2\/tags?post=4420"}],"curies":[{"name":"wp","href":"https:\/\/api.w.org\/{rel}","templated":true}]}}