{"id":3027,"date":"2010-10-16T14:30:40","date_gmt":"2010-10-16T19:30:40","guid":{"rendered":"http:\/\/34.230.97.218\/2010\/10\/apple-un-nouveau-macbook-air-a-l%e2%80%99horizon\/"},"modified":"2010-10-18T10:14:05","modified_gmt":"2010-10-18T15:14:05","slug":"apple-un-nouveau-macbook-air-a-l%e2%80%99horizon","status":"publish","type":"post","link":"https:\/\/maximejohnson.com\/techno\/2010\/10\/apple-un-nouveau-macbook-air-a-l%e2%80%99horizon\/","title":{"rendered":"Apple: un nouveau MacBook Air \u00e0 l\u2019horizon? (MAJ)"},"content":{"rendered":"<p><img decoding=\"async\" loading=\"lazy\" src=\"http:\/\/www.maximejohnson.com\/wp-content\/uploads\/2010\/10\/mainimage.jpg\" alt=\"mainimage\" title=\"mainimage\" width=\"560\" height=\"372\" class=\"aligncenter size-full wp-image-3026\" srcset=\"https:\/\/maximejohnson.com\/wp-content\/uploads\/2010\/10\/mainimage.jpg 560w, https:\/\/maximejohnson.com\/wp-content\/uploads\/2010\/10\/mainimage-300x199.jpg 300w\" sizes=\"(max-width: 560px) 100vw, 560px\" \/><\/p>\n<p>Apple serait sur le point d\u2019annoncer un nouveau MacBook Air encore plus petit que le mod\u00e8le actuel, lors de l\u2019\u00e9v\u00e8nement Back to the Mac qui aura lieu mercredi le 20 octobre prochain. <\/p>\n<p><a href=\"http:\/\/www.appleinsider.com\/articles\/10\/10\/15\/sources_apple_to_unveil_revamped_11_6_inch_macbook_air_next_week.html\">Selon le site AppleInsider<\/a>, le nouvel ordinateur portatif d\u2019Apple pourrait \u00eatre muni d\u2019un \u00e9cran de 11,6 pouces de diagonale (le mod\u00e8le actuel poss\u00e8de un \u00e9cran de 13,3 pouces) et d\u2019un nouveau genre de disque SSD, appel\u00e9 Carte SSD (SSD Card), dont le format ressemblerait plus \u00e0 une barrette de RAM qu\u2019\u00e0 un disque dur.<\/p>\n<p>Cette \u00abCarte SSD\u00bb pourrait permettre \u00e0 Apple d\u2019acc\u00e9l\u00e9rer le d\u00e9marrage de son ordinateur et d\u2019offrir une fonction d\u2019allumage instantan\u00e9 lorsque le MacBook Air est activ\u00e9 apr\u00e8s avoir \u00e9t\u00e9 mis en veille. <\/p>\n<p><img decoding=\"async\" loading=\"lazy\" src=\"http:\/\/www.maximejohnson.com\/techno22\/wp-content\/uploads\/2010\/10\/overview-hero-300x93.jpg\" alt=\"overview-hero\" title=\"overview-hero\" width=\"300\" height=\"93\" class=\"alignleft size-medium wp-image-3030\" srcset=\"https:\/\/maximejohnson.com\/wp-content\/uploads\/2010\/10\/overview-hero-300x93.jpg 300w, https:\/\/maximejohnson.com\/wp-content\/uploads\/2010\/10\/overview-hero.jpg 475w\" sizes=\"(max-width: 300px) 100vw, 300px\" \/><a href=\"http:\/\/news.cnet.com\/8301-31021_3-20019766-260.html?part=rss&#038;subj=news&#038;tag=2547-1_3-0-20\">Selon CNET.com<\/a>, l\u2019ordinateur d\u2019Apple pourrait \u00eatre offert \u00e0 un prix \u00ab significativement plus bas \u00bb que les MacBook Air actuels, vendus \u00e0 partir de 1599$ au Canada. Celui-ci pourrait toutefois \u00eatre muni seulement d\u2019un processeur Core 2Duo d\u2019ancienne g\u00e9n\u00e9ration. <\/p>\n<p>Il semble que ce nouveau MacBook Air pourrait \u00eatre offert rapidement, quelques jours ou quelques semaines apr\u00e8s son annonce. <\/p>\n<p>Tout ceci sera confirm\u00e9 mercredi prochain lors de l\u2019\u00e9v\u00e8nement Back to the Mac, pendant lequel Apple devrait \u00e9galement pr\u00e9senter la prochaine version de Mac OS X, probablement appel\u00e9e Mac OS X Lion. <\/p>\n<p><strong>Mise \u00e0 jour<\/strong><br \/>\n<a href=\"http:\/\/www.cultofmac.com\/new-macbook-air-coming-wed-bigger-battery-sharper-case-independent-confirmation\/64190\">Selon Cult of Mac<\/a>, Apple pr\u00e9senterait en fait deux mod\u00e8les lors de l&rsquo;\u00e9v\u00e8nement de mercredi. Le mod\u00e8le mentionn\u00e9 ici avec un \u00e9cran de 11,6 pouces, et un autre muni de l&rsquo;ancien \u00e9cran de 13,3 pouces. Dans les deux cas, l&rsquo;autonomie de la batterie aurait \u00e9t\u00e9 doubl\u00e9e (passant ainsi de 5 heures \u00e0 10 heures), le design aurait \u00e9t\u00e9 l\u00e9g\u00e8rement revu et les ordinateurs pourraient \u00eatre offerts pour environ 1000 et 1100$ US respectivement. <\/p>\n","protected":false},"excerpt":{"rendered":"<p>Apple serait sur le point d\u2019annoncer un nouveau MacBook Air encore plus petit que le mod\u00e8le actuel, lors de l\u2019\u00e9v\u00e8nement Back to the Mac qui aura lieu mercredi le 20 octobre prochain. <\/p>\n","protected":false},"author":2,"featured_media":0,"comment_status":"open","ping_status":"open","sticky":false,"template":"","format":"standard","meta":{"jetpack_post_was_ever_published":false},"categories":[68],"tags":[67,705,467],"jetpack_featured_media_url":"","jetpack_shortlink":"https:\/\/wp.me\/p37EYA-MP","jetpack_sharing_enabled":true,"_links":{"self":[{"href":"https:\/\/maximejohnson.com\/techno\/wp-json\/wp\/v2\/posts\/3027"}],"collection":[{"href":"https:\/\/maximejohnson.com\/techno\/wp-json\/wp\/v2\/posts"}],"about":[{"href":"https:\/\/maximejohnson.com\/techno\/wp-json\/wp\/v2\/types\/post"}],"author":[{"embeddable":true,"href":"https:\/\/maximejohnson.com\/techno\/wp-json\/wp\/v2\/users\/2"}],"replies":[{"embeddable":true,"href":"https:\/\/maximejohnson.com\/techno\/wp-json\/wp\/v2\/comments?post=3027"}],"version-history":[{"count":6,"href":"https:\/\/maximejohnson.com\/techno\/wp-json\/wp\/v2\/posts\/3027\/revisions"}],"predecessor-version":[{"id":3041,"href":"https:\/\/maximejohnson.com\/techno\/wp-json\/wp\/v2\/posts\/3027\/revisions\/3041"}],"wp:attachment":[{"href":"https:\/\/maximejohnson.com\/techno\/wp-json\/wp\/v2\/media?parent=3027"}],"wp:term":[{"taxonomy":"category","embeddable":true,"href":"https:\/\/maximejohnson.com\/techno\/wp-json\/wp\/v2\/categories?post=3027"},{"taxonomy":"post_tag","embeddable":true,"href":"https:\/\/maximejohnson.com\/techno\/wp-json\/wp\/v2\/tags?post=3027"}],"curies":[{"name":"wp","href":"https:\/\/api.w.org\/{rel}","templated":true}]}}