{"id":2992,"date":"2010-10-12T09:31:26","date_gmt":"2010-10-12T14:31:26","guid":{"rendered":"http:\/\/34.230.97.218\/2010\/10\/olympus-delaisserait-ses-appareils-photo-reflex-abordables-pour-le-micro-four-thirds\/"},"modified":"2010-10-13T09:29:49","modified_gmt":"2010-10-13T14:29:49","slug":"olympus-delaisserait-ses-appareils-photo-reflex-abordables-pour-le-micro-four-thirds","status":"publish","type":"post","link":"https:\/\/maximejohnson.com\/techno\/2010\/10\/olympus-delaisserait-ses-appareils-photo-reflex-abordables-pour-le-micro-four-thirds\/","title":{"rendered":"Olympus d\u00e9laisserait ses appareils photo reflex abordables pour le Micro Four Thirds"},"content":{"rendered":"<p><img decoding=\"async\" src=\"http:\/\/www.maximejohnson.com\/wp-content\/uploads\/2010\/04\/olympus-epl1.jpg\"><\/p>\n<p>Si l\u2019on croit une entrevue du site web polonais fotopolis.pl avec un dirigeant d\u2019Olympus, le fabricant japonais aurait abandonn\u00e9 les appareils photo num\u00e9riques r\u00e9flex d\u2019entr\u00e9e de gamme au profit du nouveau standard Micro Four Thirds. <\/p>\n<p>Selon Toshiyuki Terada, directeur de la planification de produits reflex chez Olympus, sa compagnie n\u2019a pas l\u2019intention de lancer un successeur au E-620 et \u00e0 aux autres appareils du genre. <\/p>\n<p>\u00ab Au niveau des performances, les appareils reflex d\u2019entr\u00e9e de gamme peuvent \u00eatre remplac\u00e9s par le syst\u00e8me PEN (Micro Four Thirds) \u00bb, a expliqu\u00e9 le directeur au site polonais. Selon lui, il est \u00e9galement facile pour les usagers actuels de passer au Micro Four Thirds tout en conservant leurs objectifs gr\u00e2ce \u00e0 un adaptateur. <\/p>\n<p>Pour l\u2019instant, Olympus continuera quand m\u00eame d\u2019offrir des appareils reflex hauts de gamme, mais Toshiyuki Terada avoue que sa compagnie aimerait \u00e9galement lancer un appareil PEN haut de gamme pour les professionnels. <\/p>\n<p>\u00c0 suivre\u2026<\/p>\n<p>(Source: <a href=\"http:\/\/translate.google.com\/translate?js=n&#038;prev=_t&#038;hl=en&#038;ie=UTF-8&#038;layout=2&#038;eotf=1&#038;sl=pl&#038;tl=en&#038;u=http:\/\/www.fotopolis.pl\/index.php%3Fn%3D11570\">fotopolis.pl<\/a>)<\/p>\n","protected":false},"excerpt":{"rendered":"<p>Si l\u2019on croit une entrevue du site web polonais fotopolis.pl avec un dirigeant d\u2019Olympus, le fabricant japonais aurait abandonn\u00e9 les appareils photo num\u00e9riques r\u00e9flex d\u2019entr\u00e9e de gamme au profit du nouveau standard Micro Four Thirds. <\/p>\n","protected":false},"author":2,"featured_media":0,"comment_status":"open","ping_status":"open","sticky":false,"template":"","format":"standard","meta":{"jetpack_post_was_ever_published":false},"categories":[120],"tags":[352,129,692],"jetpack_featured_media_url":"","jetpack_shortlink":"https:\/\/wp.me\/p37EYA-Mg","jetpack_sharing_enabled":true,"_links":{"self":[{"href":"https:\/\/maximejohnson.com\/techno\/wp-json\/wp\/v2\/posts\/2992"}],"collection":[{"href":"https:\/\/maximejohnson.com\/techno\/wp-json\/wp\/v2\/posts"}],"about":[{"href":"https:\/\/maximejohnson.com\/techno\/wp-json\/wp\/v2\/types\/post"}],"author":[{"embeddable":true,"href":"https:\/\/maximejohnson.com\/techno\/wp-json\/wp\/v2\/users\/2"}],"replies":[{"embeddable":true,"href":"https:\/\/maximejohnson.com\/techno\/wp-json\/wp\/v2\/comments?post=2992"}],"version-history":[{"count":1,"href":"https:\/\/maximejohnson.com\/techno\/wp-json\/wp\/v2\/posts\/2992\/revisions"}],"predecessor-version":[{"id":3007,"href":"https:\/\/maximejohnson.com\/techno\/wp-json\/wp\/v2\/posts\/2992\/revisions\/3007"}],"wp:attachment":[{"href":"https:\/\/maximejohnson.com\/techno\/wp-json\/wp\/v2\/media?parent=2992"}],"wp:term":[{"taxonomy":"category","embeddable":true,"href":"https:\/\/maximejohnson.com\/techno\/wp-json\/wp\/v2\/categories?post=2992"},{"taxonomy":"post_tag","embeddable":true,"href":"https:\/\/maximejohnson.com\/techno\/wp-json\/wp\/v2\/tags?post=2992"}],"curies":[{"name":"wp","href":"https:\/\/api.w.org\/{rel}","templated":true}]}}