{"id":12490,"date":"2021-01-14T17:10:07","date_gmt":"2021-01-14T22:10:07","guid":{"rendered":"https:\/\/maximejohnson.com\/techno\/?p=12490"},"modified":"2021-01-14T17:10:07","modified_gmt":"2021-01-14T22:10:07","slug":"cinq-reflexions-technos-apres-le-ces-2021","status":"publish","type":"post","link":"https:\/\/maximejohnson.com\/techno\/2021\/01\/cinq-reflexions-technos-apres-le-ces-2021\/","title":{"rendered":"Cinq r\u00e9flexions technos apr\u00e8s le CES 2021"},"content":{"rendered":"<p><img decoding=\"async\" loading=\"lazy\" class=\"alignleft size-full wp-image-12497\" src=\"https:\/\/maximejohnson.com\/wp-content\/uploads\/2021\/01\/razr.jpg\" alt=\"\" width=\"1919\" height=\"1279\" srcset=\"https:\/\/maximejohnson.com\/wp-content\/uploads\/2021\/01\/razr.jpg 1919w, https:\/\/maximejohnson.com\/wp-content\/uploads\/2021\/01\/razr-300x200.jpg 300w, https:\/\/maximejohnson.com\/wp-content\/uploads\/2021\/01\/razr-768x512.jpg 768w, https:\/\/maximejohnson.com\/wp-content\/uploads\/2021\/01\/razr-1024x682.jpg 1024w, https:\/\/maximejohnson.com\/wp-content\/uploads\/2021\/01\/razr-75x50.jpg 75w, https:\/\/maximejohnson.com\/wp-content\/uploads\/2021\/01\/razr-272x182.jpg 272w\" sizes=\"(max-width: 1919px) 100vw, 1919px\" \/><\/p>\n<p>La premi\u00e8re (<a href=\"https:\/\/lactualite.com\/techno\/un-salon-techno-en-ligne-bof\/\">et j\u2019esp\u00e8re la derni\u00e8re<\/a>) \u00e9dition virtuelle du Consumer Electronics Show se termine aujourd\u2019hui. Voici quelques r\u00e9flexions sur certaines annonces de l\u2019\u00e9v\u00e9nement.<\/p>\n<p>&nbsp;<\/p>\n<p><strong>Les jours des chargeurs sont compt\u00e9s (et je suis \u00e0 l\u2019aise avec \u00e7a)<\/strong><\/p>\n<p><img decoding=\"async\" loading=\"lazy\" class=\"alignleft size-full wp-image-12492\" src=\"https:\/\/maximejohnson.com\/wp-content\/uploads\/2021\/01\/boite.jpg\" alt=\"\" width=\"1440\" height=\"703\" srcset=\"https:\/\/maximejohnson.com\/wp-content\/uploads\/2021\/01\/boite.jpg 1440w, https:\/\/maximejohnson.com\/wp-content\/uploads\/2021\/01\/boite-300x146.jpg 300w, https:\/\/maximejohnson.com\/wp-content\/uploads\/2021\/01\/boite-768x375.jpg 768w, https:\/\/maximejohnson.com\/wp-content\/uploads\/2021\/01\/boite-1024x500.jpg 1024w\" sizes=\"(max-width: 1440px) 100vw, 1440px\" \/><\/p>\n<p>Apr\u00e8s Apple cet automne, c\u2019est au tour de Samsung de ne plus offrir de chargeurs avec ses nouveaux t\u00e9l\u00e9phones, selon ce qui a \u00e9t\u00e9 annonc\u00e9 ce matin <a href=\"https:\/\/maximejohnson.com\/techno\/2021\/01\/samsung-galaxy-s21-ce-que-jai-hate-dessayer\/\">lors du d\u00e9voilement des nouveaux Galaxy S21<\/a>, diffus\u00e9 en marge du CES.<\/p>\n<p>&nbsp;<\/p>\n<p>Les plus cyniques verront l\u00e0 l\u2019occasion pour les entreprises d\u2019\u00e9conomiser de l\u2019argent sur le dos des consommateurs (quoi que le prix des Galaxy S21 a diminu\u00e9 par rapport \u00e0 l\u2019ann\u00e9e derni\u00e8re, cet argument tient donc moins la route avec Samsung qu\u2019avec Apple). Les plus optimistes y verront quant \u00e0 eux un moyen de r\u00e9duire les d\u00e9chets \u00e9lectroniques et de r\u00e9duire les \u00e9missions de CO2 provoqu\u00e9es par le transport.<\/p>\n<p>&nbsp;<\/p>\n<p>Peu importe la motivation, le r\u00e9sultat est le m\u00eame\u00a0: les bo\u00eetes des produits technos sans chargeur sont plus petites et il y a moins de gaspillage.<\/p>\n<p>&nbsp;<\/p>\n<p>Ceux qui poss\u00e8dent beaucoup de gadgets ont d\u00e9j\u00e0 des chargeurs USB-C \u00e0 la maison, et les autres peuvent en acheter facilement. Il se vend m\u00eame d\u00e9sormais des rallonges avec ports USB-C int\u00e9gr\u00e9s. Ceux-ci ne sont g\u00e9n\u00e9ralement pas tr\u00e8s puissants, mais j\u2019imagine que des mod\u00e8les capables de fournir assez de courant aux ordinateurs seront bient\u00f4t lanc\u00e9s (sinon, c\u2019est vraiment une occasion rat\u00e9e).<\/p>\n<p>&nbsp;<\/p>\n<p>D\u2019ailleurs, la mort des chargeurs devrait se limiter \u00e0 ceux des t\u00e9l\u00e9phones intelligents cette ann\u00e9e, mais je suis convaincu que la tendance va se propager \u00e0 de plus en plus de types d\u2019appareils par la suite. C\u2019est une bonne nouvelle.<\/p>\n<p>&nbsp;<\/p>\n<p><strong>Intel Alder Lake a beaucoup \u00e0 prouver<\/strong><\/p>\n<p><img decoding=\"async\" loading=\"lazy\" class=\"alignleft size-full wp-image-12491\" src=\"https:\/\/maximejohnson.com\/wp-content\/uploads\/2021\/01\/lake.jpg\" alt=\"\" width=\"1106\" height=\"622\" srcset=\"https:\/\/maximejohnson.com\/wp-content\/uploads\/2021\/01\/lake.jpg 1106w, https:\/\/maximejohnson.com\/wp-content\/uploads\/2021\/01\/lake-300x169.jpg 300w, https:\/\/maximejohnson.com\/wp-content\/uploads\/2021\/01\/lake-768x432.jpg 768w, https:\/\/maximejohnson.com\/wp-content\/uploads\/2021\/01\/lake-1024x576.jpg 1024w\" sizes=\"(max-width: 1106px) 100vw, 1106px\" \/><\/p>\n<p>Intel a d\u00e9voil\u00e9 au CES 2021 <a href=\"https:\/\/newsroom.intel.com\/news-releases\/ces-2021-intel-announces-four-new-processor-families\/#gs.q3limx\">ses processeurs Core de 12i\u00e8me g\u00e9n\u00e9ration<\/a>, les syst\u00e8mes sur puce Alder Lake, qui sont attendus d\u2019ici la fin de l\u2019ann\u00e9e pour ordinateurs portatifs et ordinateurs de bureau.<\/p>\n<p>&nbsp;<\/p>\n<p>C\u2019est, et je p\u00e8se mes mots, le lancement le plus important de l\u2019entreprise depuis des ann\u00e9es.<\/p>\n<p>&nbsp;<\/p>\n<p>Cette nouvelle architecture qui combine des c\u0153urs puissants et moins puissants (\u00e0 la mani\u00e8re de big.LITTLE de ARM) est la r\u00e9ponse d\u2019Intel aux processeurs ARM, <a href=\"https:\/\/maximejohnson.com\/techno\/2020\/11\/essai-de-lapple-m1-complement-de-lecture-pour-les-geeks\/\">comme le M1 d\u2019Apple<\/a>. Un \u00e9chec pourrait \u00eatre catastrophique pour l\u2019entreprise, et pourrait accentuer l\u2019\u00e9lan des PC avec processeurs ARM, qui devraient \u00eatre plus populaires cette ann\u00e9e. Un succ\u00e8s pourrait permettre aux clients de l\u2019entreprise de mieux patienter d\u2019ici l\u2019arriv\u00e9e de ses processeurs grav\u00e9s en 7 nm, qui se font de plus en plus attendre.<\/p>\n<p>&nbsp;<\/p>\n<p><strong>Mini-LED: LG a un avantage marketing sur Samsung<\/strong><\/p>\n<p><img decoding=\"async\" loading=\"lazy\" class=\"alignleft size-full wp-image-12493\" src=\"https:\/\/maximejohnson.com\/wp-content\/uploads\/2021\/01\/LG-QNED.jpg\" alt=\"\" width=\"2560\" height=\"1582\" srcset=\"https:\/\/maximejohnson.com\/wp-content\/uploads\/2021\/01\/LG-QNED.jpg 2560w, https:\/\/maximejohnson.com\/wp-content\/uploads\/2021\/01\/LG-QNED-300x185.jpg 300w, https:\/\/maximejohnson.com\/wp-content\/uploads\/2021\/01\/LG-QNED-768x475.jpg 768w, https:\/\/maximejohnson.com\/wp-content\/uploads\/2021\/01\/LG-QNED-1024x633.jpg 1024w\" sizes=\"(max-width: 2560px) 100vw, 2560px\" \/><\/p>\n<p>Plusieurs fabricants de t\u00e9l\u00e9s ont lanc\u00e9 des mod\u00e8les dot\u00e9s de la technologie Mini-LED cette ann\u00e9e au CES. Ces appareils sont \u00e9quip\u00e9s d\u2019ampoules DEL plus petites que les t\u00e9l\u00e9s DEL r\u00e9guli\u00e8res, ce qui permettent d\u2019avoir des milliers de zones d\u2019\u00e9clairage pouvant \u00eatre contr\u00f4l\u00e9es ind\u00e9pendamment. Ce n\u2019est pas chaque pixel qui peut \u00eatre \u00e9teint comme avec une t\u00e9l\u00e9 OLED, mais la diff\u00e9rence devrait quand m\u00eame permettre d\u2019avoir des noirs beaucoup plus profonds qu\u2019avec les autres \u00e9crans ACL, et moins de diffusion autour des zones lumineuses.<\/p>\n<p>&nbsp;<\/p>\n<p>La technologie n\u2019est toutefois pas annonc\u00e9e de la m\u00eame fa\u00e7on chez LG et Samsung, les deux principaux fabricants mondiaux de t\u00e9l\u00e9viseurs haut de gamme.<\/p>\n<p>&nbsp;<\/p>\n<p>Chez Samsung, la technologie Mini-LED a \u00e9t\u00e9 int\u00e9gr\u00e9e \u00e0 ses appareils QLED haut de gamme, rebaptis\u00e9s pour l\u2019occasion Neo QLED. Les meilleurs mod\u00e8les de l\u2019entreprise sont d\u00e9sormais meilleurs qu\u2019auparavant, gr\u00e2ce au Mini-LED. Chez LG, la technologie Mini-LED a plut\u00f4t \u00e9t\u00e9 int\u00e9gr\u00e9e \u00e0 ses appareils NanoCell, qui \u00e9taient les t\u00e9l\u00e9viseurs de milieu de gamme de l\u2019entreprise, et qui portent le nouveau nom de QNED. Chez LG, le haut de gamme est toujours l\u2019OLED, une technologie que n\u2019offre pas Samsung.<\/p>\n<p>&nbsp;<\/p>\n<p>Bref, la m\u00eame nouvelle technologie prometteuse risque d\u2019\u00eatre offerte moins ch\u00e8re chez LG, qui aura aussi l\u2019aura du haut de gamme avec ses OLED.<\/p>\n<p>&nbsp;<\/p>\n<p>Notons que Samsung a lanc\u00e9 au CES sa r\u00e9ponse \u00e0 l\u2019OLED, avec la technologie MicroLED, mais cette derni\u00e8re (qui permet d\u2019\u00e9teindre chaque pixel) est pour l\u2019instant plus du tr\u00e8s haut de gamme, puisqu\u2019elle est r\u00e9serv\u00e9e aux t\u00e9l\u00e9viseurs de 88 pouces et plus.<\/p>\n<p>&nbsp;<\/p>\n<p>On ne peut pas comparer les deux technologies pour l\u2019instant. Mais pour les d\u00e9partements marketing, le portefolio de LG m\u2019appara\u00eet beaucoup plus facile \u00e0 vendre que celui de Samsung.<\/p>\n<p>&nbsp;<\/p>\n<p><strong>Design\u00a0: les joueurs m\u00e9ritent (encore) mieux<\/strong><\/p>\n<p><img decoding=\"async\" loading=\"lazy\" class=\"alignleft size-full wp-image-12494\" src=\"https:\/\/maximejohnson.com\/wp-content\/uploads\/2021\/01\/rog.jpg\" alt=\"\" width=\"1140\" height=\"646\" srcset=\"https:\/\/maximejohnson.com\/wp-content\/uploads\/2021\/01\/rog.jpg 1140w, https:\/\/maximejohnson.com\/wp-content\/uploads\/2021\/01\/rog-300x170.jpg 300w, https:\/\/maximejohnson.com\/wp-content\/uploads\/2021\/01\/rog-768x435.jpg 768w, https:\/\/maximejohnson.com\/wp-content\/uploads\/2021\/01\/rog-1024x580.jpg 1024w\" sizes=\"(max-width: 1140px) 100vw, 1140px\" \/><\/p>\n<p>Les ordinateurs pour joueurs et les accessoires pour joueurs ont connu une ann\u00e9e record en 2020, et plusieurs fabricants surfent sur la popularit\u00e9 des jeux vid\u00e9o au CES 2021.<\/p>\n<p>&nbsp;<\/p>\n<p>M\u00eame si les designers se sont beaucoup am\u00e9lior\u00e9s au cours des derni\u00e8res ann\u00e9es, les produits pour joueurs sont malheureusement encore beaucoup trop criards \u00e0 mon go\u00fbt.<\/p>\n<p>&nbsp;<\/p>\n<p>En 2021, des gens de tous les genres et de tous les \u00e2ges jouent \u00e0 des jeux vid\u00e9o. Ceux-ci ne veulent pas tous des ordinateurs noirs avec des lumi\u00e8res DEL multicolores. Au prix qu\u2019ils sont vendus, ces accessoires et ces ordinateurs manquent d\u2019\u00e9l\u00e9gance.<\/p>\n<p>&nbsp;<\/p>\n<p><strong>Ordinateurs et vid\u00e9oconf\u00e9rences : l\u2019audio doit \u00eatre am\u00e9lior\u00e9<\/strong><\/p>\n<p><img decoding=\"async\" loading=\"lazy\" class=\"alignleft size-medium wp-image-12495\" src=\"https:\/\/maximejohnson.com\/wp-content\/uploads\/2021\/01\/shure-189x300.jpg\" alt=\"\" width=\"189\" height=\"300\" srcset=\"https:\/\/maximejohnson.com\/wp-content\/uploads\/2021\/01\/shure-189x300.jpg 189w, https:\/\/maximejohnson.com\/wp-content\/uploads\/2021\/01\/shure-768x1216.jpg 768w, https:\/\/maximejohnson.com\/wp-content\/uploads\/2021\/01\/shure-646x1024.jpg 646w, https:\/\/maximejohnson.com\/wp-content\/uploads\/2021\/01\/shure.jpg 947w\" sizes=\"(max-width: 189px) 100vw, 189px\" \/><\/p>\n<p>Shure a pr\u00e9sent\u00e9 au CES 2021 son nouveau microphone MV5C, qui est con\u00e7u pour am\u00e9liorer le son des ordinateurs tout en \u00e9tant le plus simple possible (il n\u2019y a aucun logiciel \u00e0 installer, par exemple). Je n\u2019ai pas eu l\u2019occasion de l\u2019essayer, mais j\u2019ai eu l\u2019occasion de l\u2019\u00e9couter pendant une pr\u00e9sentation. La diff\u00e9rence par rapport au microphone int\u00e9gr\u00e9 de l\u2019ordinateur de celui avec qui je parlais \u00e9tait ph\u00e9nom\u00e9nale, et rendait la vid\u00e9oconf\u00e9rence beaucoup plus agr\u00e9able.<\/p>\n<p>&nbsp;<\/p>\n<p>J\u2019ai aussi discut\u00e9 avec Dolby, qui offre avec la technologie Dolby Voice plusieurs am\u00e9liorations permettant d\u2019avoir une exp\u00e9rience audio d\u2019une meilleure qualit\u00e9 lors de vid\u00e9oconf\u00e9rences. La voix est plus claire, le niveau de chaque interlocuteur peut \u00eatre ajust\u00e9 et des voix diff\u00e9rentes qui parlent en m\u00eame temps peuvent facilement \u00eatre distingu\u00e9es, un peu comme dans la vraie vie. Malheureusement, pour en profiter pleinement, il faut \u00eatre dot\u00e9 d\u2019un syst\u00e8me Dolby Voice, son interlocuteur doit aussi \u00eatre dot\u00e9 d\u2019un syst\u00e8me Dolby Voice et il faut utiliser une plateforme compatible, comme Blue Jeans. Bref, une entreprise peut s\u2019en servir pour ses communications internes, mais c\u2019est, pour l\u2019instant, une technologie marginale.<\/p>\n<p>&nbsp;<\/p>\n<p>Dans les deux cas, mon constat est le m\u00eame\u00a0: les technologies audios que l\u2019on utilise tous les jours pour les vid\u00e9oconf\u00e9rences\u00a0(microphones, haut-parleurs int\u00e9gr\u00e9s, logiciels) sont horribles. Pourtant, la technologie existe pour rendre nos vid\u00e9oconf\u00e9rences beaucoup plus agr\u00e9ables \u00e0 l\u2019oreille.<\/p>\n<p>&nbsp;<\/p>\n<p>Le CES 2021 a montr\u00e9 qu\u2019il \u00e9tait possible de faire mieux. Les fabricants doivent maintenant s\u2019entendre et s\u2019efforcer de d\u00e9mocratiser ces technologies qui existent d\u00e9j\u00e0.<\/p>\n","protected":false},"excerpt":{"rendered":"<p>La premi\u00e8re (et j\u2019esp\u00e8re la derni\u00e8re) \u00e9dition virtuelle du Consumer Electronics Show se termine aujourd\u2019hui. Voici quelques r\u00e9flexions sur certaines annonces de l\u2019\u00e9v\u00e9nement. &nbsp; Les jours des chargeurs sont compt\u00e9s (et je suis \u00e0 l\u2019aise avec \u00e7a) Apr\u00e8s Apple cet automne, c\u2019est au tour de Samsung de ne plus offrir [&hellip;]<\/p>\n","protected":false},"author":2,"featured_media":0,"comment_status":"open","ping_status":"open","sticky":false,"template":"","format":"standard","meta":{"jetpack_post_was_ever_published":false},"categories":[60,68,1092,30],"tags":[318],"jetpack_featured_media_url":"","jetpack_shortlink":"https:\/\/wp.me\/p37EYA-3fs","jetpack_sharing_enabled":true,"_links":{"self":[{"href":"https:\/\/maximejohnson.com\/techno\/wp-json\/wp\/v2\/posts\/12490"}],"collection":[{"href":"https:\/\/maximejohnson.com\/techno\/wp-json\/wp\/v2\/posts"}],"about":[{"href":"https:\/\/maximejohnson.com\/techno\/wp-json\/wp\/v2\/types\/post"}],"author":[{"embeddable":true,"href":"https:\/\/maximejohnson.com\/techno\/wp-json\/wp\/v2\/users\/2"}],"replies":[{"embeddable":true,"href":"https:\/\/maximejohnson.com\/techno\/wp-json\/wp\/v2\/comments?post=12490"}],"version-history":[{"count":1,"href":"https:\/\/maximejohnson.com\/techno\/wp-json\/wp\/v2\/posts\/12490\/revisions"}],"predecessor-version":[{"id":12498,"href":"https:\/\/maximejohnson.com\/techno\/wp-json\/wp\/v2\/posts\/12490\/revisions\/12498"}],"wp:attachment":[{"href":"https:\/\/maximejohnson.com\/techno\/wp-json\/wp\/v2\/media?parent=12490"}],"wp:term":[{"taxonomy":"category","embeddable":true,"href":"https:\/\/maximejohnson.com\/techno\/wp-json\/wp\/v2\/categories?post=12490"},{"taxonomy":"post_tag","embeddable":true,"href":"https:\/\/maximejohnson.com\/techno\/wp-json\/wp\/v2\/tags?post=12490"}],"curies":[{"name":"wp","href":"https:\/\/api.w.org\/{rel}","templated":true}]}}